{"id":1066,"date":"2022-02-28T22:41:00","date_gmt":"2022-02-28T21:41:00","guid":{"rendered":"http:\/\/kurzzapalovac.cz\/popcorn\/?p=1066"},"modified":"2022-09-10T22:45:55","modified_gmt":"2022-09-10T20:45:55","slug":"koncert-na-podporu-ukrajiny","status":"publish","type":"post","link":"https:\/\/kurzzapalovac.cz\/popcorn\/koncert-na-podporu-ukrajiny\/","title":{"rendered":"Koncert na podporu Ukrajiny"},"content":{"rendered":"\n<p>Setkali jsme se na dobro\u010dinn\u00e9m koncertu na podporu Ukrajiny ve Skautsk\u00e9m institutu. Nav\u00edc na n\u011bm hr\u00e1l frontman Balda, kter\u00fd rozd\u00e1val placky se sv\u00fdm obli\u010dejem a tak\u00e9 zahr\u00e1l na\u0161i milovanou p\u00edse\u0148 V\u0161e a mnohem v\u00edc, p\u0159i \u010dem\u017e jsme stylov\u011b nad hlavou m\u00e1vali zap\u00e1len\u00fdmi zapalova\u010di z <a href=\"http:\/\/kurzzapalovac.cz\/\">kurzu<\/a>.<\/p>\n\n\n\n<figure class=\"wp-block-embed is-type-video is-provider-youtube wp-block-embed-youtube wp-embed-aspect-16-9 wp-has-aspect-ratio\"><div class=\"wp-block-embed__wrapper\">\n<iframe title=\"Balda - V\u0161e a mnohem v\u00edc (prod. Maml\u00e1sci ent.)\" width=\"525\" height=\"295\" src=\"https:\/\/www.youtube.com\/embed\/CerpiY7VfF4?feature=oembed\" frameborder=\"0\" allow=\"accelerometer; autoplay; clipboard-write; encrypted-media; gyroscope; picture-in-picture; web-share\" referrerpolicy=\"strict-origin-when-cross-origin\" allowfullscreen loading=\"lazy\"><\/iframe>\n<\/div><\/figure>\n\n\n\n<figure class=\"wp-block-gallery has-nested-images columns-default is-cropped wp-block-gallery-1 is-layout-flex wp-block-gallery-is-layout-flex\">\n<figure class=\"wp-block-image size-large\"><a href=\"http:\/\/kurzzapalovac.cz\/popcorn\/wp-content\/uploads\/sites\/2\/2022\/09\/2022-02-28-18.21.58.jpg\"><img fetchpriority=\"high\" decoding=\"async\" width=\"800\" height=\"600\" data-id=\"1071\" src=\"http:\/\/kurzzapalovac.cz\/popcorn\/wp-content\/uploads\/sites\/2\/2022\/09\/2022-02-28-18.21.58.jpg\" alt=\"\" class=\"wp-image-1071\" srcset=\"https:\/\/kurzzapalovac.cz\/popcorn\/wp-content\/uploads\/sites\/2\/2022\/09\/2022-02-28-18.21.58.jpg 800w, https:\/\/kurzzapalovac.cz\/popcorn\/wp-content\/uploads\/sites\/2\/2022\/09\/2022-02-28-18.21.58-300x225.jpg 300w, https:\/\/kurzzapalovac.cz\/popcorn\/wp-content\/uploads\/sites\/2\/2022\/09\/2022-02-28-18.21.58-768x576.jpg 768w\" sizes=\"(max-width: 800px) 100vw, 800px\" \/><\/a><\/figure>\n\n\n\n<figure class=\"wp-block-image size-large\"><a href=\"http:\/\/kurzzapalovac.cz\/popcorn\/wp-content\/uploads\/sites\/2\/2022\/09\/2022-02-28-18.55.48-1.jpg\"><img decoding=\"async\" width=\"800\" height=\"599\" data-id=\"1069\" src=\"http:\/\/kurzzapalovac.cz\/popcorn\/wp-content\/uploads\/sites\/2\/2022\/09\/2022-02-28-18.55.48-1.jpg\" alt=\"\" class=\"wp-image-1069\" srcset=\"https:\/\/kurzzapalovac.cz\/popcorn\/wp-content\/uploads\/sites\/2\/2022\/09\/2022-02-28-18.55.48-1.jpg 800w, https:\/\/kurzzapalovac.cz\/popcorn\/wp-content\/uploads\/sites\/2\/2022\/09\/2022-02-28-18.55.48-1-300x225.jpg 300w, https:\/\/kurzzapalovac.cz\/popcorn\/wp-content\/uploads\/sites\/2\/2022\/09\/2022-02-28-18.55.48-1-768x575.jpg 768w\" sizes=\"(max-width: 800px) 100vw, 800px\" loading=\"lazy\" \/><\/a><\/figure>\n\n\n\n<figure class=\"wp-block-image size-large\"><a href=\"http:\/\/kurzzapalovac.cz\/popcorn\/wp-content\/uploads\/sites\/2\/2022\/09\/2022-03-04-07.33.11.jpg\"><img decoding=\"async\" width=\"400\" height=\"600\" data-id=\"1073\" src=\"http:\/\/kurzzapalovac.cz\/popcorn\/wp-content\/uploads\/sites\/2\/2022\/09\/2022-03-04-07.33.11.jpg\" alt=\"\" class=\"wp-image-1073\" srcset=\"https:\/\/kurzzapalovac.cz\/popcorn\/wp-content\/uploads\/sites\/2\/2022\/09\/2022-03-04-07.33.11.jpg 400w, https:\/\/kurzzapalovac.cz\/popcorn\/wp-content\/uploads\/sites\/2\/2022\/09\/2022-03-04-07.33.11-200x300.jpg 200w\" sizes=\"(max-width: 400px) 100vw, 400px\" loading=\"lazy\" \/><\/a><\/figure>\n\n\n\n<figure class=\"wp-block-image size-large\"><a href=\"http:\/\/kurzzapalovac.cz\/popcorn\/wp-content\/uploads\/sites\/2\/2022\/09\/2022-03-04-07.33.23.jpg\"><img loading=\"lazy\" decoding=\"async\" width=\"400\" height=\"600\" data-id=\"1068\" src=\"http:\/\/kurzzapalovac.cz\/popcorn\/wp-content\/uploads\/sites\/2\/2022\/09\/2022-03-04-07.33.23.jpg\" alt=\"\" class=\"wp-image-1068\" srcset=\"https:\/\/kurzzapalovac.cz\/popcorn\/wp-content\/uploads\/sites\/2\/2022\/09\/2022-03-04-07.33.23.jpg 400w, https:\/\/kurzzapalovac.cz\/popcorn\/wp-content\/uploads\/sites\/2\/2022\/09\/2022-03-04-07.33.23-200x300.jpg 200w\" sizes=\"(max-width: 400px) 100vw, 400px\" \/><\/a><\/figure>\n\n\n\n<figure class=\"wp-block-image size-large\"><a href=\"http:\/\/kurzzapalovac.cz\/popcorn\/wp-content\/uploads\/sites\/2\/2022\/09\/2022-03-04-07.33.39.jpg\"><img loading=\"lazy\" decoding=\"async\" width=\"800\" height=\"533\" data-id=\"1070\" src=\"http:\/\/kurzzapalovac.cz\/popcorn\/wp-content\/uploads\/sites\/2\/2022\/09\/2022-03-04-07.33.39.jpg\" alt=\"\" class=\"wp-image-1070\" srcset=\"https:\/\/kurzzapalovac.cz\/popcorn\/wp-content\/uploads\/sites\/2\/2022\/09\/2022-03-04-07.33.39.jpg 800w, https:\/\/kurzzapalovac.cz\/popcorn\/wp-content\/uploads\/sites\/2\/2022\/09\/2022-03-04-07.33.39-300x200.jpg 300w, https:\/\/kurzzapalovac.cz\/popcorn\/wp-content\/uploads\/sites\/2\/2022\/09\/2022-03-04-07.33.39-768x512.jpg 768w\" sizes=\"(max-width: 800px) 100vw, 800px\" \/><\/a><\/figure>\n\n\n\n<figure class=\"wp-block-image size-large\"><a href=\"http:\/\/kurzzapalovac.cz\/popcorn\/wp-content\/uploads\/sites\/2\/2022\/09\/20220228_182209.jpg\"><img loading=\"lazy\" decoding=\"async\" width=\"800\" height=\"450\" data-id=\"1072\" src=\"http:\/\/kurzzapalovac.cz\/popcorn\/wp-content\/uploads\/sites\/2\/2022\/09\/20220228_182209.jpg\" alt=\"\" class=\"wp-image-1072\" srcset=\"https:\/\/kurzzapalovac.cz\/popcorn\/wp-content\/uploads\/sites\/2\/2022\/09\/20220228_182209.jpg 800w, https:\/\/kurzzapalovac.cz\/popcorn\/wp-content\/uploads\/sites\/2\/2022\/09\/20220228_182209-300x169.jpg 300w, https:\/\/kurzzapalovac.cz\/popcorn\/wp-content\/uploads\/sites\/2\/2022\/09\/20220228_182209-768x432.jpg 768w\" sizes=\"(max-width: 800px) 100vw, 800px\" \/><\/a><\/figure>\n<\/figure>\n","protected":false},"excerpt":{"rendered":"<p>Setkali jsme se na dobro\u010dinn\u00e9m koncertu na podporu Ukrajiny ve Skautsk\u00e9m institutu. Nav\u00edc na n\u011bm hr\u00e1l frontman Balda, kter\u00fd rozd\u00e1val placky se sv\u00fdm obli\u010dejem a tak\u00e9 zahr\u00e1l na\u0161i milovanou p\u00edse\u0148 V\u0161e a mnohem v\u00edc, p\u0159i \u010dem\u017e jsme stylov\u011b nad hlavou m\u00e1vali zap\u00e1len\u00fdmi zapalova\u010di z kurzu.<\/p>\n","protected":false},"author":1,"featured_media":1067,"comment_status":"open","ping_status":"open","sticky":false,"template":"","format":"standard","meta":{"footnotes":""},"categories":[1],"tags":[],"class_list":["post-1066","post","type-post","status-publish","format-standard","has-post-thumbnail","hentry","category-blog"],"yoast_head":"<!-- This site is optimized with the Yoast SEO plugin v27.5 - https:\/\/yoast.com\/product\/yoast-seo-wordpress\/ -->\n<title>Koncert na podporu Ukrajiny - Popcorn<\/title>\n<meta name=\"robots\" content=\"index, follow, max-snippet:-1, max-image-preview:large, max-video-preview:-1\" \/>\n<link rel=\"canonical\" href=\"https:\/\/kurzzapalovac.cz\/popcorn\/koncert-na-podporu-ukrajiny\/\" \/>\n<meta property=\"og:locale\" content=\"cs_CZ\" \/>\n<meta property=\"og:type\" content=\"article\" \/>\n<meta property=\"og:title\" content=\"Koncert na podporu Ukrajiny - Popcorn\" \/>\n<meta property=\"og:description\" content=\"Setkali jsme se na dobro\u010dinn\u00e9m koncertu na podporu Ukrajiny ve Skautsk\u00e9m institutu. Nav\u00edc na n\u011bm hr\u00e1l frontman Balda, kter\u00fd rozd\u00e1val placky se sv\u00fdm obli\u010dejem a tak\u00e9 zahr\u00e1l na\u0161i milovanou p\u00edse\u0148 V\u0161e a mnohem v\u00edc, p\u0159i \u010dem\u017e jsme stylov\u011b nad hlavou m\u00e1vali zap\u00e1len\u00fdmi zapalova\u010di z kurzu.\" \/>\n<meta property=\"og:url\" content=\"https:\/\/kurzzapalovac.cz\/popcorn\/koncert-na-podporu-ukrajiny\/\" \/>\n<meta property=\"og:site_name\" content=\"Popcorn\" \/>\n<meta property=\"article:published_time\" content=\"2022-02-28T21:41:00+00:00\" \/>\n<meta property=\"article:modified_time\" content=\"2022-09-10T20:45:55+00:00\" \/>\n<meta property=\"og:image\" content=\"https:\/\/kurzzapalovac.cz\/popcorn\/wp-content\/uploads\/sites\/2\/2022\/09\/2022-02-28-18.55.48.jpg\" \/>\n\t<meta property=\"og:image:width\" content=\"800\" \/>\n\t<meta property=\"og:image:height\" content=\"599\" \/>\n\t<meta property=\"og:image:type\" content=\"image\/jpeg\" \/>\n<meta name=\"author\" content=\"Ond\u0159ej Turek \u2013 Opi\u010d\u00e1k\" \/>\n<meta name=\"twitter:card\" content=\"summary_large_image\" \/>\n<meta name=\"twitter:label1\" content=\"Napsal(a)\" \/>\n\t<meta name=\"twitter:data1\" content=\"Ond\u0159ej Turek \u2013 Opi\u010d\u00e1k\" \/>\n<script type=\"application\/ld+json\" class=\"yoast-schema-graph\">{\"@context\":\"https:\\\/\\\/schema.org\",\"@graph\":[{\"@type\":\"Article\",\"@id\":\"https:\\\/\\\/kurzzapalovac.cz\\\/popcorn\\\/koncert-na-podporu-ukrajiny\\\/#article\",\"isPartOf\":{\"@id\":\"https:\\\/\\\/kurzzapalovac.cz\\\/popcorn\\\/koncert-na-podporu-ukrajiny\\\/\"},\"author\":{\"name\":\"Ond\u0159ej Turek \u2013 Opi\u010d\u00e1k\",\"@id\":\"https:\\\/\\\/kurzzapalovac.cz\\\/popcorn\\\/#\\\/schema\\\/person\\\/e0411e3fe62e1502e46a26f02766359b\"},\"headline\":\"Koncert na podporu Ukrajiny\",\"datePublished\":\"2022-02-28T21:41:00+00:00\",\"dateModified\":\"2022-09-10T20:45:55+00:00\",\"mainEntityOfPage\":{\"@id\":\"https:\\\/\\\/kurzzapalovac.cz\\\/popcorn\\\/koncert-na-podporu-ukrajiny\\\/\"},\"wordCount\":76,\"commentCount\":0,\"publisher\":{\"@id\":\"https:\\\/\\\/kurzzapalovac.cz\\\/popcorn\\\/#organization\"},\"image\":{\"@id\":\"https:\\\/\\\/kurzzapalovac.cz\\\/popcorn\\\/koncert-na-podporu-ukrajiny\\\/#primaryimage\"},\"thumbnailUrl\":\"https:\\\/\\\/kurzzapalovac.cz\\\/popcorn\\\/wp-content\\\/uploads\\\/sites\\\/2\\\/2022\\\/09\\\/2022-02-28-18.55.48.jpg\",\"articleSection\":[\"Blog\"],\"inLanguage\":\"cs\",\"potentialAction\":[{\"@type\":\"CommentAction\",\"name\":\"Comment\",\"target\":[\"https:\\\/\\\/kurzzapalovac.cz\\\/popcorn\\\/koncert-na-podporu-ukrajiny\\\/#respond\"]}]},{\"@type\":\"WebPage\",\"@id\":\"https:\\\/\\\/kurzzapalovac.cz\\\/popcorn\\\/koncert-na-podporu-ukrajiny\\\/\",\"url\":\"https:\\\/\\\/kurzzapalovac.cz\\\/popcorn\\\/koncert-na-podporu-ukrajiny\\\/\",\"name\":\"Koncert na podporu Ukrajiny - Popcorn\",\"isPartOf\":{\"@id\":\"https:\\\/\\\/kurzzapalovac.cz\\\/popcorn\\\/#website\"},\"primaryImageOfPage\":{\"@id\":\"https:\\\/\\\/kurzzapalovac.cz\\\/popcorn\\\/koncert-na-podporu-ukrajiny\\\/#primaryimage\"},\"image\":{\"@id\":\"https:\\\/\\\/kurzzapalovac.cz\\\/popcorn\\\/koncert-na-podporu-ukrajiny\\\/#primaryimage\"},\"thumbnailUrl\":\"https:\\\/\\\/kurzzapalovac.cz\\\/popcorn\\\/wp-content\\\/uploads\\\/sites\\\/2\\\/2022\\\/09\\\/2022-02-28-18.55.48.jpg\",\"datePublished\":\"2022-02-28T21:41:00+00:00\",\"dateModified\":\"2022-09-10T20:45:55+00:00\",\"breadcrumb\":{\"@id\":\"https:\\\/\\\/kurzzapalovac.cz\\\/popcorn\\\/koncert-na-podporu-ukrajiny\\\/#breadcrumb\"},\"inLanguage\":\"cs\",\"potentialAction\":[{\"@type\":\"ReadAction\",\"target\":[\"https:\\\/\\\/kurzzapalovac.cz\\\/popcorn\\\/koncert-na-podporu-ukrajiny\\\/\"]}]},{\"@type\":\"ImageObject\",\"inLanguage\":\"cs\",\"@id\":\"https:\\\/\\\/kurzzapalovac.cz\\\/popcorn\\\/koncert-na-podporu-ukrajiny\\\/#primaryimage\",\"url\":\"https:\\\/\\\/kurzzapalovac.cz\\\/popcorn\\\/wp-content\\\/uploads\\\/sites\\\/2\\\/2022\\\/09\\\/2022-02-28-18.55.48.jpg\",\"contentUrl\":\"https:\\\/\\\/kurzzapalovac.cz\\\/popcorn\\\/wp-content\\\/uploads\\\/sites\\\/2\\\/2022\\\/09\\\/2022-02-28-18.55.48.jpg\",\"width\":800,\"height\":599},{\"@type\":\"BreadcrumbList\",\"@id\":\"https:\\\/\\\/kurzzapalovac.cz\\\/popcorn\\\/koncert-na-podporu-ukrajiny\\\/#breadcrumb\",\"itemListElement\":[{\"@type\":\"ListItem\",\"position\":1,\"name\":\"Dom\u016f\",\"item\":\"https:\\\/\\\/kurzzapalovac.cz\\\/popcorn\\\/\"},{\"@type\":\"ListItem\",\"position\":2,\"name\":\"Koncert na podporu Ukrajiny\"}]},{\"@type\":\"WebSite\",\"@id\":\"https:\\\/\\\/kurzzapalovac.cz\\\/popcorn\\\/#website\",\"url\":\"https:\\\/\\\/kurzzapalovac.cz\\\/popcorn\\\/\",\"name\":\"Popcorn\",\"description\":\"PUK!\",\"publisher\":{\"@id\":\"https:\\\/\\\/kurzzapalovac.cz\\\/popcorn\\\/#organization\"},\"potentialAction\":[{\"@type\":\"SearchAction\",\"target\":{\"@type\":\"EntryPoint\",\"urlTemplate\":\"https:\\\/\\\/kurzzapalovac.cz\\\/popcorn\\\/?s={search_term_string}\"},\"query-input\":{\"@type\":\"PropertyValueSpecification\",\"valueRequired\":true,\"valueName\":\"search_term_string\"}}],\"inLanguage\":\"cs\"},{\"@type\":\"Organization\",\"@id\":\"https:\\\/\\\/kurzzapalovac.cz\\\/popcorn\\\/#organization\",\"name\":\"Popcorn\",\"url\":\"https:\\\/\\\/kurzzapalovac.cz\\\/popcorn\\\/\",\"logo\":{\"@type\":\"ImageObject\",\"inLanguage\":\"cs\",\"@id\":\"https:\\\/\\\/kurzzapalovac.cz\\\/popcorn\\\/#\\\/schema\\\/logo\\\/image\\\/\",\"url\":\"https:\\\/\\\/kurzzapalovac.cz\\\/popcorn\\\/wp-content\\\/uploads\\\/sites\\\/2\\\/2022\\\/09\\\/cropped-popcorn_bila.png\",\"contentUrl\":\"https:\\\/\\\/kurzzapalovac.cz\\\/popcorn\\\/wp-content\\\/uploads\\\/sites\\\/2\\\/2022\\\/09\\\/cropped-popcorn_bila.png\",\"width\":250,\"height\":250,\"caption\":\"Popcorn\"},\"image\":{\"@id\":\"https:\\\/\\\/kurzzapalovac.cz\\\/popcorn\\\/#\\\/schema\\\/logo\\\/image\\\/\"},\"sameAs\":[\"https:\\\/\\\/www.instagram.com\\\/popcorn_puk\\\/\"]},{\"@type\":\"Person\",\"@id\":\"https:\\\/\\\/kurzzapalovac.cz\\\/popcorn\\\/#\\\/schema\\\/person\\\/e0411e3fe62e1502e46a26f02766359b\",\"name\":\"Ond\u0159ej Turek \u2013 Opi\u010d\u00e1k\",\"image\":{\"@type\":\"ImageObject\",\"inLanguage\":\"cs\",\"@id\":\"https:\\\/\\\/secure.gravatar.com\\\/avatar\\\/4e5af51b9ed6c132adad742529d6ee64c0fc3e00c930cf230e0d911c7755d3ba?s=96&d=mm&r=g\",\"url\":\"https:\\\/\\\/secure.gravatar.com\\\/avatar\\\/4e5af51b9ed6c132adad742529d6ee64c0fc3e00c930cf230e0d911c7755d3ba?s=96&d=mm&r=g\",\"contentUrl\":\"https:\\\/\\\/secure.gravatar.com\\\/avatar\\\/4e5af51b9ed6c132adad742529d6ee64c0fc3e00c930cf230e0d911c7755d3ba?s=96&d=mm&r=g\",\"caption\":\"Ond\u0159ej Turek \u2013 Opi\u010d\u00e1k\"},\"description\":\"Po cel\u00fd \u017eivot se pohybuji kolem odd\u00edlov\u00e9 \u010dinnosti nap\u0159\u00ed\u010d r\u016fzn\u00fdmi spolky. Z\u00e1rove\u0148 svou energii d\u00e1v\u00e1m i smyslupln\u00fdm jednor\u00e1zov\u00fdm \u010di dlouhodob\u011bj\u0161\u00edm projekt\u016fm a\u0165 u\u017e v neziskovk\u00e1ch, nebo tam, kde dokonce spole\u010denstv\u00ed lid\u00ed ani pr\u00e1vn\u00ed subjektivitu nem\u00e1. D\u00e1v\u00e1 mi velk\u00fd smysl komunitn\u00ed pr\u00e1ce s c\u00edlem tvo\u0159it sv\u011bt lep\u0161\u00edm. V\u011b\u0159\u00edm v s\u00edlu smyslupln\u00e9ho propojov\u00e1n\u00ed celk\u016f pro podporu spolupr\u00e1ce. V\u011b\u0159\u00edm v potenci\u00e1l dobr\u00fdch lid\u00ed. Stoj\u00edm za vznikem BR\u010eO Titio. Where your focus goes, your energy flows. #ActionConquersFear Just do it! Kdy\u017e d\u011bl\u00e1te svou pr\u00e1ci poctiv\u011b, lid\u00e9 to ocen\u00ed.\",\"sameAs\":[\"https:\\\/\\\/about.me\\\/opicakuz\"],\"url\":\"https:\\\/\\\/kurzzapalovac.cz\\\/popcorn\\\/author\\\/admin\\\/\"}]}<\/script>\n<!-- \/ Yoast SEO plugin. -->","yoast_head_json":{"title":"Koncert na podporu Ukrajiny - Popcorn","robots":{"index":"index","follow":"follow","max-snippet":"max-snippet:-1","max-image-preview":"max-image-preview:large","max-video-preview":"max-video-preview:-1"},"canonical":"https:\/\/kurzzapalovac.cz\/popcorn\/koncert-na-podporu-ukrajiny\/","og_locale":"cs_CZ","og_type":"article","og_title":"Koncert na podporu Ukrajiny - Popcorn","og_description":"Setkali jsme se na dobro\u010dinn\u00e9m koncertu na podporu Ukrajiny ve Skautsk\u00e9m institutu. Nav\u00edc na n\u011bm hr\u00e1l frontman Balda, kter\u00fd rozd\u00e1val placky se sv\u00fdm obli\u010dejem a tak\u00e9 zahr\u00e1l na\u0161i milovanou p\u00edse\u0148 V\u0161e a mnohem v\u00edc, p\u0159i \u010dem\u017e jsme stylov\u011b nad hlavou m\u00e1vali zap\u00e1len\u00fdmi zapalova\u010di z kurzu.","og_url":"https:\/\/kurzzapalovac.cz\/popcorn\/koncert-na-podporu-ukrajiny\/","og_site_name":"Popcorn","article_published_time":"2022-02-28T21:41:00+00:00","article_modified_time":"2022-09-10T20:45:55+00:00","og_image":[{"width":800,"height":599,"url":"https:\/\/kurzzapalovac.cz\/popcorn\/wp-content\/uploads\/sites\/2\/2022\/09\/2022-02-28-18.55.48.jpg","type":"image\/jpeg"}],"author":"Ond\u0159ej Turek \u2013 Opi\u010d\u00e1k","twitter_card":"summary_large_image","twitter_misc":{"Napsal(a)":"Ond\u0159ej Turek \u2013 Opi\u010d\u00e1k"},"schema":{"@context":"https:\/\/schema.org","@graph":[{"@type":"Article","@id":"https:\/\/kurzzapalovac.cz\/popcorn\/koncert-na-podporu-ukrajiny\/#article","isPartOf":{"@id":"https:\/\/kurzzapalovac.cz\/popcorn\/koncert-na-podporu-ukrajiny\/"},"author":{"name":"Ond\u0159ej Turek \u2013 Opi\u010d\u00e1k","@id":"https:\/\/kurzzapalovac.cz\/popcorn\/#\/schema\/person\/e0411e3fe62e1502e46a26f02766359b"},"headline":"Koncert na podporu Ukrajiny","datePublished":"2022-02-28T21:41:00+00:00","dateModified":"2022-09-10T20:45:55+00:00","mainEntityOfPage":{"@id":"https:\/\/kurzzapalovac.cz\/popcorn\/koncert-na-podporu-ukrajiny\/"},"wordCount":76,"commentCount":0,"publisher":{"@id":"https:\/\/kurzzapalovac.cz\/popcorn\/#organization"},"image":{"@id":"https:\/\/kurzzapalovac.cz\/popcorn\/koncert-na-podporu-ukrajiny\/#primaryimage"},"thumbnailUrl":"https:\/\/kurzzapalovac.cz\/popcorn\/wp-content\/uploads\/sites\/2\/2022\/09\/2022-02-28-18.55.48.jpg","articleSection":["Blog"],"inLanguage":"cs","potentialAction":[{"@type":"CommentAction","name":"Comment","target":["https:\/\/kurzzapalovac.cz\/popcorn\/koncert-na-podporu-ukrajiny\/#respond"]}]},{"@type":"WebPage","@id":"https:\/\/kurzzapalovac.cz\/popcorn\/koncert-na-podporu-ukrajiny\/","url":"https:\/\/kurzzapalovac.cz\/popcorn\/koncert-na-podporu-ukrajiny\/","name":"Koncert na podporu Ukrajiny - Popcorn","isPartOf":{"@id":"https:\/\/kurzzapalovac.cz\/popcorn\/#website"},"primaryImageOfPage":{"@id":"https:\/\/kurzzapalovac.cz\/popcorn\/koncert-na-podporu-ukrajiny\/#primaryimage"},"image":{"@id":"https:\/\/kurzzapalovac.cz\/popcorn\/koncert-na-podporu-ukrajiny\/#primaryimage"},"thumbnailUrl":"https:\/\/kurzzapalovac.cz\/popcorn\/wp-content\/uploads\/sites\/2\/2022\/09\/2022-02-28-18.55.48.jpg","datePublished":"2022-02-28T21:41:00+00:00","dateModified":"2022-09-10T20:45:55+00:00","breadcrumb":{"@id":"https:\/\/kurzzapalovac.cz\/popcorn\/koncert-na-podporu-ukrajiny\/#breadcrumb"},"inLanguage":"cs","potentialAction":[{"@type":"ReadAction","target":["https:\/\/kurzzapalovac.cz\/popcorn\/koncert-na-podporu-ukrajiny\/"]}]},{"@type":"ImageObject","inLanguage":"cs","@id":"https:\/\/kurzzapalovac.cz\/popcorn\/koncert-na-podporu-ukrajiny\/#primaryimage","url":"https:\/\/kurzzapalovac.cz\/popcorn\/wp-content\/uploads\/sites\/2\/2022\/09\/2022-02-28-18.55.48.jpg","contentUrl":"https:\/\/kurzzapalovac.cz\/popcorn\/wp-content\/uploads\/sites\/2\/2022\/09\/2022-02-28-18.55.48.jpg","width":800,"height":599},{"@type":"BreadcrumbList","@id":"https:\/\/kurzzapalovac.cz\/popcorn\/koncert-na-podporu-ukrajiny\/#breadcrumb","itemListElement":[{"@type":"ListItem","position":1,"name":"Dom\u016f","item":"https:\/\/kurzzapalovac.cz\/popcorn\/"},{"@type":"ListItem","position":2,"name":"Koncert na podporu Ukrajiny"}]},{"@type":"WebSite","@id":"https:\/\/kurzzapalovac.cz\/popcorn\/#website","url":"https:\/\/kurzzapalovac.cz\/popcorn\/","name":"Popcorn","description":"PUK!","publisher":{"@id":"https:\/\/kurzzapalovac.cz\/popcorn\/#organization"},"potentialAction":[{"@type":"SearchAction","target":{"@type":"EntryPoint","urlTemplate":"https:\/\/kurzzapalovac.cz\/popcorn\/?s={search_term_string}"},"query-input":{"@type":"PropertyValueSpecification","valueRequired":true,"valueName":"search_term_string"}}],"inLanguage":"cs"},{"@type":"Organization","@id":"https:\/\/kurzzapalovac.cz\/popcorn\/#organization","name":"Popcorn","url":"https:\/\/kurzzapalovac.cz\/popcorn\/","logo":{"@type":"ImageObject","inLanguage":"cs","@id":"https:\/\/kurzzapalovac.cz\/popcorn\/#\/schema\/logo\/image\/","url":"https:\/\/kurzzapalovac.cz\/popcorn\/wp-content\/uploads\/sites\/2\/2022\/09\/cropped-popcorn_bila.png","contentUrl":"https:\/\/kurzzapalovac.cz\/popcorn\/wp-content\/uploads\/sites\/2\/2022\/09\/cropped-popcorn_bila.png","width":250,"height":250,"caption":"Popcorn"},"image":{"@id":"https:\/\/kurzzapalovac.cz\/popcorn\/#\/schema\/logo\/image\/"},"sameAs":["https:\/\/www.instagram.com\/popcorn_puk\/"]},{"@type":"Person","@id":"https:\/\/kurzzapalovac.cz\/popcorn\/#\/schema\/person\/e0411e3fe62e1502e46a26f02766359b","name":"Ond\u0159ej Turek \u2013 Opi\u010d\u00e1k","image":{"@type":"ImageObject","inLanguage":"cs","@id":"https:\/\/secure.gravatar.com\/avatar\/4e5af51b9ed6c132adad742529d6ee64c0fc3e00c930cf230e0d911c7755d3ba?s=96&d=mm&r=g","url":"https:\/\/secure.gravatar.com\/avatar\/4e5af51b9ed6c132adad742529d6ee64c0fc3e00c930cf230e0d911c7755d3ba?s=96&d=mm&r=g","contentUrl":"https:\/\/secure.gravatar.com\/avatar\/4e5af51b9ed6c132adad742529d6ee64c0fc3e00c930cf230e0d911c7755d3ba?s=96&d=mm&r=g","caption":"Ond\u0159ej Turek \u2013 Opi\u010d\u00e1k"},"description":"Po cel\u00fd \u017eivot se pohybuji kolem odd\u00edlov\u00e9 \u010dinnosti nap\u0159\u00ed\u010d r\u016fzn\u00fdmi spolky. Z\u00e1rove\u0148 svou energii d\u00e1v\u00e1m i smyslupln\u00fdm jednor\u00e1zov\u00fdm \u010di dlouhodob\u011bj\u0161\u00edm projekt\u016fm a\u0165 u\u017e v neziskovk\u00e1ch, nebo tam, kde dokonce spole\u010denstv\u00ed lid\u00ed ani pr\u00e1vn\u00ed subjektivitu nem\u00e1. D\u00e1v\u00e1 mi velk\u00fd smysl komunitn\u00ed pr\u00e1ce s c\u00edlem tvo\u0159it sv\u011bt lep\u0161\u00edm. V\u011b\u0159\u00edm v s\u00edlu smyslupln\u00e9ho propojov\u00e1n\u00ed celk\u016f pro podporu spolupr\u00e1ce. V\u011b\u0159\u00edm v potenci\u00e1l dobr\u00fdch lid\u00ed. Stoj\u00edm za vznikem BR\u010eO Titio. Where your focus goes, your energy flows. #ActionConquersFear Just do it! Kdy\u017e d\u011bl\u00e1te svou pr\u00e1ci poctiv\u011b, lid\u00e9 to ocen\u00ed.","sameAs":["https:\/\/about.me\/opicakuz"],"url":"https:\/\/kurzzapalovac.cz\/popcorn\/author\/admin\/"}]}},"_links":{"self":[{"href":"https:\/\/kurzzapalovac.cz\/popcorn\/wp-json\/wp\/v2\/posts\/1066","targetHints":{"allow":["GET"]}}],"collection":[{"href":"https:\/\/kurzzapalovac.cz\/popcorn\/wp-json\/wp\/v2\/posts"}],"about":[{"href":"https:\/\/kurzzapalovac.cz\/popcorn\/wp-json\/wp\/v2\/types\/post"}],"author":[{"embeddable":true,"href":"https:\/\/kurzzapalovac.cz\/popcorn\/wp-json\/wp\/v2\/users\/1"}],"replies":[{"embeddable":true,"href":"https:\/\/kurzzapalovac.cz\/popcorn\/wp-json\/wp\/v2\/comments?post=1066"}],"version-history":[{"count":1,"href":"https:\/\/kurzzapalovac.cz\/popcorn\/wp-json\/wp\/v2\/posts\/1066\/revisions"}],"predecessor-version":[{"id":1074,"href":"https:\/\/kurzzapalovac.cz\/popcorn\/wp-json\/wp\/v2\/posts\/1066\/revisions\/1074"}],"wp:featuredmedia":[{"embeddable":true,"href":"https:\/\/kurzzapalovac.cz\/popcorn\/wp-json\/wp\/v2\/media\/1067"}],"wp:attachment":[{"href":"https:\/\/kurzzapalovac.cz\/popcorn\/wp-json\/wp\/v2\/media?parent=1066"}],"wp:term":[{"taxonomy":"category","embeddable":true,"href":"https:\/\/kurzzapalovac.cz\/popcorn\/wp-json\/wp\/v2\/categories?post=1066"},{"taxonomy":"post_tag","embeddable":true,"href":"https:\/\/kurzzapalovac.cz\/popcorn\/wp-json\/wp\/v2\/tags?post=1066"}],"curies":[{"name":"wp","href":"https:\/\/api.w.org\/{rel}","templated":true}]}}